{"id":7030,"date":"2020-07-17T20:29:00","date_gmt":"2020-07-17T18:29:00","guid":{"rendered":"https:\/\/www.sport-loewen-baden.de\/wp\/?p=7030"},"modified":"2020-07-17T21:27:01","modified_gmt":"2020-07-17T19:27:01","slug":"mini-lowen-skate-2020","status":"publish","type":"post","link":"https:\/\/www.sport-loewen-baden.de\/wp\/2020\/07\/17\/mini-lowen-skate-2020\/","title":{"rendered":"Wir haben es getan: Mini-L\u00f6wen-Skate 2020"},"content":{"rendered":"\n<div class=\"wp-block-image\"><figure class=\"alignright size-large is-resized\"><img decoding=\"async\" src=\"https:\/\/www.sport-loewen-baden.de\/wp\/wp-content\/uploads\/2020\/07\/wp-15949863341448167757289094600421-1024x557.jpg\" alt=\"Sportliche Turmw\u00e4chter\" class=\"wp-image-6963\" width=\"450\" srcset=\"https:\/\/www.sport-loewen-baden.de\/wp\/wp-content\/uploads\/2020\/07\/wp-15949863341448167757289094600421-1024x557.jpg 1024w, https:\/\/www.sport-loewen-baden.de\/wp\/wp-content\/uploads\/2020\/07\/wp-15949863341448167757289094600421-300x163.jpg 300w, https:\/\/www.sport-loewen-baden.de\/wp\/wp-content\/uploads\/2020\/07\/wp-15949863341448167757289094600421-768x418.jpg 768w, https:\/\/www.sport-loewen-baden.de\/wp\/wp-content\/uploads\/2020\/07\/wp-15949863341448167757289094600421-1536x836.jpg 1536w, https:\/\/www.sport-loewen-baden.de\/wp\/wp-content\/uploads\/2020\/07\/wp-15949863341448167757289094600421.jpg 1920w\" sizes=\"(max-width: 1024px) 100vw, 1024px\" \/><\/figure><\/div>\n\n\n\n<p>3 Tage durch unser wundersch\u00f6nes badisches &#x1f49b;&#x2764;&#x1f49b; L\u00e4ndle skaten &#8211; die Corona Lockerungen zum 1. Juli in Baden-W\u00fcrttemberg haben es m\u00f6glich gemacht und 13 Skater sind der Einladung gefolgt!<\/p>\n\n\n\n<!--more-->\n\n\n\n<p>Die sch\u00f6nsten Strecken zwischen Karlsruhe, Gengenbach und B\u00fchl wurden daf\u00fcr spontan zusammengesucht und wir haben daraus drei abwechslungsreiche Etappen gemacht! Dank Markus war auch die Frage des Gep\u00e4cktransports und der Verpflegung auf der Strecke schnell beantwortet, womit einer tollen Tour nichts mehr im Wege stand.<\/p>\n\n\n\n<div style=\"height:100px\" aria-hidden=\"true\" class=\"wp-block-spacer\"><\/div>\n\n\n\n<h3 class=\"wp-block-heading\">Tag 1: Von Karlsruhe \u00fcber B\u00fchl(Baden) nach Gengenbach <\/h3>\n\n\n\n<p>Zum Start fuhren wir die \u00fcbliche Schl\u00f6sser-Runde durch Karlsruhe und auf den Spuren des bisherigen Prologs \u00fcber Ettlingen bis zum Barockschloss Rastatt. Weiter ging es an Iffezheim vorbei, \u00fcber H\u00fcgelsheim und Kartung und \u00fcber die Felder zum Mittagessen beim Platzhirsch in B\u00fchl(Baden). <\/p>\n\n\n\n<p>Nach einem schnellen Foto mit dem B\u00fchler Zwetschgenbur, rollten wir anschlie\u00dfend auf bekannten Wegen durch die Ortenau, an Appenweier vorbei und bei B\u00fchl-Dorf auf den Radweg entlang der Kinzig. Ab Elgersweier f\u00fchrte uns Black Ice die letzten 6 km bergauf zum Schwarzwald Hotel nach Gengenbach.<\/p>\n\n\n\n<div class=\"wp-block-image\"><figure class=\"alignleft size-medium is-resized\"><img loading=\"lazy\" decoding=\"async\" src=\"https:\/\/www.sport-loewen-baden.de\/wp\/wp-content\/uploads\/2020\/07\/wp-15949864855364024050194122830747-300x225.jpg\" alt=\"\" class=\"wp-image-7025\" width=\"206\" height=\"155\" srcset=\"https:\/\/www.sport-loewen-baden.de\/wp\/wp-content\/uploads\/2020\/07\/wp-15949864855364024050194122830747-300x225.jpg 300w, https:\/\/www.sport-loewen-baden.de\/wp\/wp-content\/uploads\/2020\/07\/wp-15949864855364024050194122830747-1024x768.jpg 1024w, https:\/\/www.sport-loewen-baden.de\/wp\/wp-content\/uploads\/2020\/07\/wp-15949864855364024050194122830747-768x576.jpg 768w, https:\/\/www.sport-loewen-baden.de\/wp\/wp-content\/uploads\/2020\/07\/wp-15949864855364024050194122830747-1536x1152.jpg 1536w, https:\/\/www.sport-loewen-baden.de\/wp\/wp-content\/uploads\/2020\/07\/wp-15949864855364024050194122830747-2048x1536.jpg 2048w\" sizes=\"auto, (max-width: 206px) 100vw, 206px\" \/><\/figure><\/div>\n\n\n\n<p>F\u00fcr den Abend war nicht nur das gemeinsame Abendessen im Winzerst\u00fcble organisiert. Anschlie\u00dfend wartete mit einer Nachtw\u00e4chtertour durch den Ort noch eine \u00dcberraschung auf die Teilnehmer. Heiner M\u00fcller, ein Nachtw\u00e4chter mit Leib und Seele, zeigt uns die sch\u00f6nsten Ecken von Gengenbach und brachte uns auch den Stundenruf bei. Diese tollen Eindr\u00fccke haben wir anschlie\u00dfend noch bei einem gem\u00fctlichen Abend im Bistro Cappuccino auf uns wirken lassen. <\/p>\n\n\n\n<div style=\"height:100px\" aria-hidden=\"true\" class=\"wp-block-spacer\"><\/div>\n\n\n\n<h3 class=\"wp-block-heading\">Tag 2: Von Gengenbach \u00fcber Strasbourg nach B\u00fchl(Baden)<\/h3>\n\n\n\n<p>Gest\u00e4rkt von einem ausgiebigen Fr\u00fchst\u00fcck mit Service aus der K\u00fcche verlie\u00dfen wir Gengenbach, skateten unterhalb des Schloss Ortenberg entlang (wo nat\u00fcrlich auch ein Foto gemacht wurde) und unweit der Kinzig an Offenburg vorbei. <\/p>\n\n\n\n<div class=\"wp-block-image\"><figure class=\"alignright size-large is-resized\"><img decoding=\"async\" src=\"https:\/\/www.sport-loewen-baden.de\/wp\/wp-content\/uploads\/2020\/07\/wp-15949864946266922237837314097748-1024x768.jpg\" alt=\"\" class=\"wp-image-7005\" width=\"450\" srcset=\"https:\/\/www.sport-loewen-baden.de\/wp\/wp-content\/uploads\/2020\/07\/wp-15949864946266922237837314097748-1024x768.jpg 1024w, https:\/\/www.sport-loewen-baden.de\/wp\/wp-content\/uploads\/2020\/07\/wp-15949864946266922237837314097748-300x225.jpg 300w, https:\/\/www.sport-loewen-baden.de\/wp\/wp-content\/uploads\/2020\/07\/wp-15949864946266922237837314097748-768x576.jpg 768w, https:\/\/www.sport-loewen-baden.de\/wp\/wp-content\/uploads\/2020\/07\/wp-15949864946266922237837314097748-1536x1152.jpg 1536w, https:\/\/www.sport-loewen-baden.de\/wp\/wp-content\/uploads\/2020\/07\/wp-15949864946266922237837314097748-2048x1536.jpg 2048w\" sizes=\"(max-width: 1024px) 100vw, 1024px\" \/><\/figure><\/div>\n\n\n\n<p>Nach einem kleinen Schlenker Richtung S\u00fcden f\u00fchrte uns die Strecke in Kehl \u00fcber die Passerelle des Deux Rives hin\u00fcber nach Strasbourg, traditionell durch die Barrage Vauban hindurch und weiter zum Pflicht-Foto vor dem Stra\u00dfburger M\u00fcnster. <\/p>\n\n\n\n<div class=\"wp-block-image\"><figure class=\"alignleft size-medium\"><img loading=\"lazy\" decoding=\"async\" width=\"300\" height=\"225\" src=\"https:\/\/www.sport-loewen-baden.de\/wp\/wp-content\/uploads\/2020\/07\/DSC02224-300x225.jpg\" alt=\"\" class=\"wp-image-7216\" srcset=\"https:\/\/www.sport-loewen-baden.de\/wp\/wp-content\/uploads\/2020\/07\/DSC02224-300x225.jpg 300w, https:\/\/www.sport-loewen-baden.de\/wp\/wp-content\/uploads\/2020\/07\/DSC02224-1024x768.jpg 1024w, https:\/\/www.sport-loewen-baden.de\/wp\/wp-content\/uploads\/2020\/07\/DSC02224-768x576.jpg 768w, https:\/\/www.sport-loewen-baden.de\/wp\/wp-content\/uploads\/2020\/07\/DSC02224-1536x1152.jpg 1536w, https:\/\/www.sport-loewen-baden.de\/wp\/wp-content\/uploads\/2020\/07\/DSC02224-2048x1536.jpg 2048w\" sizes=\"auto, (max-width: 300px) 100vw, 300px\" \/><\/figure><\/div>\n\n\n\n<p>Zur\u00fcck auf deutscher Seite kehrten wir zum Mittagessen im Meyerhof in Kehl ein, bevor es auf den Spuren des bisherigen L\u00f6wen-Skate bis Rheinbischofsheim ging. Ab hier f\u00fchrt uns ein 8-km-Speed-St\u00fcck nach Wagshurst zur n\u00e4chsten Verpflegungspause, wobei uns auch ein Autounfall auf der Strecke nicht aufhalten konnte. <\/p>\n\n\n\n<p>Der Check-in im Hotel am Froschb\u00e4chel in B\u00fchl(Baden) war schon perfekt vorbereitet und so konnten wir schon eine Stunde nach Ankunft gemeinsam zum Abendessen zum Apollon, dem besten Griechen der Stadt, gehen. Den abschlie\u00dfenden Drink des Tages gab es dann nochmals im Platzhirsch, wo wir bereits beim Mittagessen am Tag zuvor perfekt umsorgt wurden. <\/p>\n\n\n\n<div style=\"height:100px\" aria-hidden=\"true\" class=\"wp-block-spacer\"><\/div>\n\n\n\n<h3 class=\"wp-block-heading\">Tag 3: Von B\u00fchl(Baden) \u00fcber Louterbourg nach Karlsruhe<\/h3>\n\n\n\n<div class=\"wp-block-image\"><figure class=\"alignright size-medium\"><img loading=\"lazy\" decoding=\"async\" width=\"300\" height=\"225\" src=\"https:\/\/www.sport-loewen-baden.de\/wp\/wp-content\/uploads\/2020\/07\/wp-15950075222487072529079869661633-300x225.jpg\" alt=\"\" class=\"wp-image-7192\" srcset=\"https:\/\/www.sport-loewen-baden.de\/wp\/wp-content\/uploads\/2020\/07\/wp-15950075222487072529079869661633-300x225.jpg 300w, https:\/\/www.sport-loewen-baden.de\/wp\/wp-content\/uploads\/2020\/07\/wp-15950075222487072529079869661633-1024x768.jpg 1024w, https:\/\/www.sport-loewen-baden.de\/wp\/wp-content\/uploads\/2020\/07\/wp-15950075222487072529079869661633-768x576.jpg 768w, https:\/\/www.sport-loewen-baden.de\/wp\/wp-content\/uploads\/2020\/07\/wp-15950075222487072529079869661633-1536x1152.jpg 1536w, https:\/\/www.sport-loewen-baden.de\/wp\/wp-content\/uploads\/2020\/07\/wp-15950075222487072529079869661633.jpg 1600w\" sizes=\"auto, (max-width: 300px) 100vw, 300px\" \/><\/figure><\/div>\n\n\n\n<p>Zum Fr\u00fchst\u00fcck haben wir &#8222;das erste Mal seit 40 Jahren wieder aus Gl\u00e4schen gegessen&#8220;. Um ein Fr\u00fchst\u00fccksbuffet zu erm\u00f6glichen,  waren n\u00e4mlich die einzelnen Fr\u00fchst\u00fccksportion schon in kleinen Gl\u00e4schen fertig abgepackt.<\/p>\n\n\n\n<p>Hoch motiviert fuhren wir erst einen Schlenker durch die B\u00fchler Ortsteile Moos, Oberbruch und Weitenung, bevor uns das n\u00e4chste Speed St\u00fcck zum Baden-Airport brachte.<\/p>\n\n\n\n<div class=\"wp-block-image\"><figure class=\"alignleft size-medium is-resized\"><img loading=\"lazy\" decoding=\"async\" src=\"https:\/\/www.sport-loewen-baden.de\/wp\/wp-content\/uploads\/2020\/07\/wp-15949865176021932702633245584696-225x300.jpg\" alt=\"\" class=\"wp-image-6998\" width=\"218\" height=\"291\" srcset=\"https:\/\/www.sport-loewen-baden.de\/wp\/wp-content\/uploads\/2020\/07\/wp-15949865176021932702633245584696-225x300.jpg 225w, https:\/\/www.sport-loewen-baden.de\/wp\/wp-content\/uploads\/2020\/07\/wp-15949865176021932702633245584696-768x1024.jpg 768w, https:\/\/www.sport-loewen-baden.de\/wp\/wp-content\/uploads\/2020\/07\/wp-15949865176021932702633245584696-scaled.jpg 1920w\" sizes=\"auto, (max-width: 218px) 100vw, 218px\" \/><\/figure><\/div>\n\n\n\n<p>Die kleine Gruppengr\u00f6\u00dfe hat sich angeboten, um dieses Jahr nicht die Rheinbr\u00fccke bei Wintersdorf zu nutzen, sondern mit der F\u00e4hre von Plittersdorf nach Seltz (F) \u00fcberzusetzen.<\/p>\n\n\n\n<p>Angekommen in Frankreich fuhren wir entlang des Rheindamms nach Norden, bogen aber kurz vor der Landesgrenze ab und kehrten zum Mittagessen beim Restaurant &#8222;A La Charrue&#8220; in Louterbourg ein. Hier war nicht nur das Essen sehr lecker, sondern wir hatten auch viel Spa\u00df mit der freundlichen Bedienung.<\/p>\n\n\n\n<p>Anschlie\u00dfend fuhren wir noch einen Schlenker \u00fcber Scheibenhard (F), dort \u00fcber die Grenze nach Scheibenhardt (D) und weiter durch die Pfalz. Nach einer letzten Verpflegungspause auf der &#8222;falschen&#8220; Seite des Rheins rollten wir \u00fcber die Rheinbr\u00fccke zur\u00fcck auf die badische Seite und auf direktem Wege zum Badisch Brauhaus.<\/p>\n\n\n\n<div class=\"wp-block-image\"><figure class=\"alignright size-large is-resized\"><img decoding=\"async\" src=\"https:\/\/www.sport-loewen-baden.de\/wp\/wp-content\/uploads\/2020\/07\/wp-15949957655772150620566746129599-1024x684.jpg\" alt=\"\" class=\"wp-image-7166\" width=\"450\" srcset=\"https:\/\/www.sport-loewen-baden.de\/wp\/wp-content\/uploads\/2020\/07\/wp-15949957655772150620566746129599-1024x684.jpg 1024w, https:\/\/www.sport-loewen-baden.de\/wp\/wp-content\/uploads\/2020\/07\/wp-15949957655772150620566746129599-300x200.jpg 300w, https:\/\/www.sport-loewen-baden.de\/wp\/wp-content\/uploads\/2020\/07\/wp-15949957655772150620566746129599-768x513.jpg 768w, https:\/\/www.sport-loewen-baden.de\/wp\/wp-content\/uploads\/2020\/07\/wp-15949957655772150620566746129599-1536x1027.jpg 1536w, https:\/\/www.sport-loewen-baden.de\/wp\/wp-content\/uploads\/2020\/07\/wp-15949957655772150620566746129599.jpg 1616w\" sizes=\"(max-width: 1024px) 100vw, 1024px\" \/><\/figure><\/div>\n\n\n\n<p>Nach diesem gemeinsamen Wochenende hatte fast keiner das Bed\u00fcrfnis gleich den Heimweg anzutreten, sodass wir die gemeinsamen Tage noch bei einem Getr\u00e4nk zusammen ausklingen lassen konnten. <\/p>\n\n\n\n<div style=\"height:100px\" aria-hidden=\"true\" class=\"wp-block-spacer\"><\/div>\n\n\n\n<hr class=\"wp-block-separator\"\/>\n\n\n\n<h3 class=\"has-text-align-center wp-block-heading\">Hier gibt&#8217;s die fotografischen Eindr\u00fccken<br>unseres fantastischen Wochenendes:<\/h3>\n\n\n\n<hr class=\"wp-block-separator\"\/>\n\n\n\nngg_shortcode_0_placeholder\n","protected":false},"excerpt":{"rendered":"<p>3 Tage durch unser wundersch\u00f6nes badisches &#x1f49b;&#x2764;&#x1f49b; L\u00e4ndle skaten &#8211; die Corona Lockerungen zum 1. Juli in Baden-W\u00fcrttemberg haben es m\u00f6glich gemacht und 13 Skater sind der Einladung gefolgt!<\/p>\n","protected":false},"author":3,"featured_media":6963,"comment_status":"open","ping_status":"open","sticky":false,"template":"","format":"standard","meta":{"ngg_post_thumbnail":0,"footnotes":""},"categories":[3],"tags":[50,9,6],"class_list":["post-7030","post","type-post","status-publish","format-standard","has-post-thumbnail","hentry","category-inline-skaten","tag-inlineskaten","tag-loewenskate","tag-tour"],"_links":{"self":[{"href":"https:\/\/www.sport-loewen-baden.de\/wp\/wp-json\/wp\/v2\/posts\/7030","targetHints":{"allow":["GET"]}}],"collection":[{"href":"https:\/\/www.sport-loewen-baden.de\/wp\/wp-json\/wp\/v2\/posts"}],"about":[{"href":"https:\/\/www.sport-loewen-baden.de\/wp\/wp-json\/wp\/v2\/types\/post"}],"author":[{"embeddable":true,"href":"https:\/\/www.sport-loewen-baden.de\/wp\/wp-json\/wp\/v2\/users\/3"}],"replies":[{"embeddable":true,"href":"https:\/\/www.sport-loewen-baden.de\/wp\/wp-json\/wp\/v2\/comments?post=7030"}],"version-history":[{"count":46,"href":"https:\/\/www.sport-loewen-baden.de\/wp\/wp-json\/wp\/v2\/posts\/7030\/revisions"}],"predecessor-version":[{"id":7217,"href":"https:\/\/www.sport-loewen-baden.de\/wp\/wp-json\/wp\/v2\/posts\/7030\/revisions\/7217"}],"wp:featuredmedia":[{"embeddable":true,"href":"https:\/\/www.sport-loewen-baden.de\/wp\/wp-json\/wp\/v2\/media\/6963"}],"wp:attachment":[{"href":"https:\/\/www.sport-loewen-baden.de\/wp\/wp-json\/wp\/v2\/media?parent=7030"}],"wp:term":[{"taxonomy":"category","embeddable":true,"href":"https:\/\/www.sport-loewen-baden.de\/wp\/wp-json\/wp\/v2\/categories?post=7030"},{"taxonomy":"post_tag","embeddable":true,"href":"https:\/\/www.sport-loewen-baden.de\/wp\/wp-json\/wp\/v2\/tags?post=7030"}],"curies":[{"name":"wp","href":"https:\/\/api.w.org\/{rel}","templated":true}]}}